{"id":11591,"date":"2025-09-12T10:09:08","date_gmt":"2025-09-12T06:39:08","guid":{"rendered":"https:\/\/test.iransafar.co\/?p=11591"},"modified":"2025-09-15T10:39:05","modified_gmt":"2025-09-15T07:09:05","slug":"groupes-ethniques-en-iran","status":"publish","type":"post","link":"https:\/\/www.iransafar.co\/fr\/groupes-ethniques-en-iran\/","title":{"rendered":"Groupes ethniques en Iran"},"content":{"rendered":"<p>L&rsquo;Iran, pays situ\u00e9 au carrefour de l\u2019Asie de l\u2019Ouest et de l\u2019Asie centrale, est l\u2019un des \u00c9tats les plus ethniquement diversifi\u00e9s de la r\u00e9gion. Plus qu\u2019une mosa\u00efque de peuples, cette diversit\u00e9 constitue une composante essentielle de son histoire, de sa culture, et de ses dynamiques politiques actuelles. Comprendre cette r\u00e9alit\u00e9, c\u2019est aussi saisir les d\u00e9fis \u2014 identit\u00e9, langue, droits, d\u00e9veloppement \u2014 auxquels sont confront\u00e9es les minorit\u00e9s dans un \u00c9tat fortement centralis\u00e9.<\/p>\n<p>&nbsp;<\/p>\n<h2>Perspectives : Avenir, politiques possibles<\/h2>\n<div><strong>D\u00e9centralisation ou autonomie locale :<\/strong> donner plus de pouvoir aux provinces pour la gestion locale (\u00e9ducation, langue, culture) pourrait apaiser des tensions.<\/div>\n<div><\/div>\n<div><strong>Politiques linguistiques inclusives :<\/strong> reconnaissance plus officielle de langues minoritaires, enseignement bilingue, m\u00e9dias en langues locales pourraient contribuer \u00e0 renforcer le sentiment de dignit\u00e9 et d\u2019appartenance.<\/div>\n<div><\/div>\n<div><strong>D\u00e9veloppement cibl\u00e9 :<\/strong> investissements dans les infrastructures dans les r\u00e9gions frontali\u00e8res et marginalis\u00e9es, am\u00e9lioration des services de sant\u00e9, \u00e9ducation, opportunit\u00e9s \u00e9conomiques.<\/div>\n<div><\/div>\n<div><strong>Dialogue national sur l\u2019identit\u00e9 plurielle :<\/strong> encourager la coexistence des identit\u00e9s (iranienne\/persane + ethniques sp\u00e9cifiques) plut\u00f4t que l\u2019assimilation forc\u00e9e.<\/div>\n<div><\/div>\n<div><\/div>\n<div>\n<h2>Histoire et origine des groupes<\/h2>\n<\/div>\n<p>La diversit\u00e9 ethnique et le m\u00e9tissage en Iran ont commenc\u00e9 avec l&rsquo;arriv\u00e9e des <strong>Aryens<\/strong>, des <strong>Babyloniens<\/strong>, des <strong>Sum\u00e9riens<\/strong>, et se sont poursuivis jusqu&rsquo;\u00e0 aujourd&rsquo;hui. Bien que les principaux Groupes ethniques en Iran soient des Aryens, au fil des ann\u00e9es, en raison des d\u00e9veloppements politiques et des invasions d&rsquo;autres nations, l&rsquo;Iran a toujours \u00e9t\u00e9 t\u00e9moin d&rsquo;un m\u00e9tissage important. Par exemple, on peut mentionner la campagne d&rsquo;<strong>Alexandre le Grand<\/strong> et l&rsquo;invasion arabe de l&rsquo;Iran. Apr\u00e8s l&rsquo;arriv\u00e9e d&rsquo;Alexandre le Grand en Iran, les troupes grecques et les soldats se sont install\u00e9s et se sont mari\u00e9s sur cette terre, de m\u00eame que l&rsquo;invasion arabo-musulmane de l&rsquo;Iran, qui a d\u00e9clench\u00e9 la migration des tribus arabes vers diverses r\u00e9gions de l&rsquo;Iran.<\/p>\n<p>Ce m\u00e9tissage en Iran ne se limitait pas aux Grecs et aux Arabes, mais au cours des diff\u00e9rentes p\u00e9riodes historiques, d&rsquo;autres migrations ont \u00e9t\u00e9 r\u00e9alis\u00e9es par les Turcs <strong>Ghazn\u00e9vides<\/strong>, les <strong>Seldjoukides<\/strong> et les <strong>Mongols<\/strong>. Les Turcs Ghazn\u00e9vides et les Seldjoukides, qui constituaient le plus grand nombre d&rsquo;immigrants apr\u00e8s leur arriv\u00e9e en Iran, sont rest\u00e9s dans le pays. L&rsquo;invasion mongole a \u00e9t\u00e9 un autre facteur de l&rsquo;immigration de la race mongole nombreuse et des tribus tatares, qui a d\u00e9clench\u00e9 une nouvelle vague de m\u00e9tissage en Iran.<\/p>\n<p>&nbsp;<\/p>\n<p><img fetchpriority=\"high\" decoding=\"async\" class=\"alignnone size-full wp-image-18594\" src=\"https:\/\/www.iransafar.co\/fr\/wp-content\/uploads\/2025\/09\/Groupes-ethniques-Iran-min.jpg\" alt=\"Groupes ethniques en Iran\" width=\"1085\" height=\"637\" srcset=\"https:\/\/www.iransafar.co\/fr\/wp-content\/uploads\/2025\/09\/Groupes-ethniques-Iran-min.jpg 1085w, https:\/\/www.iransafar.co\/fr\/wp-content\/uploads\/2025\/09\/Groupes-ethniques-Iran-min-768x450.jpg 768w\" sizes=\"(max-width: 1085px) 100vw, 1085px\" \/><\/p>\n<p>&nbsp;<\/p>\n<p>Par cons\u00e9quent, le m\u00e9tissage racial en Iran est loin d&rsquo;\u00eatre homog\u00e8ne et la diversit\u00e9 de la population, qui s&rsquo;est cr\u00e9\u00e9e au fil des si\u00e8cles par le m\u00e9lange des races et les migrations, a conduit \u00e0 l&rsquo;\u00e9mergence des Fars, Az\u00e9ris, Kurdes, Lors, Baloutches, Bakhtiaris, Talishis, Turkm\u00e8nes, Qashqais, Shahsavan et Arabes. Bien entendu, certaines autres minorit\u00e9s ethniques sous forme de plus petites communaut\u00e9s vivent \u00e9galement en Iran.<\/p>\n<p>&nbsp;<\/p>\n<p>&nbsp;<\/p>\n<h2>Ethnicit\u00e9s Iraniennes<\/h2>\n<p>L&rsquo;Iran est un pays marqu\u00e9 par une grande diversit\u00e9 ethnique, avec chaque groupe contribuant \u00e0 la riche tapisserie culturelle et historique de la nation. La cohabitation de ces diff\u00e9rents groupes au fil des si\u00e8cles a fa\u00e7onn\u00e9 l&rsquo;identit\u00e9 complexe et multicouche de l&rsquo;Iran contemporain. Ces descriptions illustrent la riche mosa\u00efque culturelle et ethnique de l&rsquo;Iran, chaque groupe apportant une contribution unique au patrimoine diversifi\u00e9 du pays. Voici un aper\u00e7u des principaux groupes ethniques pr\u00e9sents en Iran :<\/p>\n<p>&nbsp;<\/p>\n<span class=\"su-dropcap su-dropcap-style-flat\" style=\"font-size:1.5em\">1<\/span>\n<h3><strong>Les Perses<\/strong><\/h3>\n<p>Les Perses, d\u2019origine \u00e9lamite ou aryenne, sont consid\u00e9r\u00e9s comme le groupe ethnique majoritaire en Iran, repr\u00e9sentant environ 61 % de la population. Ils sont principalement concentr\u00e9s dans les r\u00e9gions centrales et sud-ouest du pays, notamment dans les provinces de <a href=\"https:\/\/www.iransafar.co\/fr\/teheran-les-incontournables-a-faire-et-a-voir\/\">T\u00e9h\u00e9ran<\/a>, Fars, <a href=\"https:\/\/www.iransafar.co\/fr\/ispahan\/\">Ispahan<\/a> et Khorasan. Les Perses descendent de tribus aryennes anciennes qui ont migr\u00e9 vers la r\u00e9gion de Persis, l\u2019actuelle province de Fars, au IXe si\u00e8cle avant J.-C., et ont nomm\u00e9 leur territoire \u00ab\u202f<em>Pars<\/em>\u202f\u00bb ou Perse. Avec leurs alli\u00e9s, comme les M\u00e8des, ils ont fond\u00e9 l\u2019un des empires les plus puissants du monde antique, l\u2019empire ach\u00e9m\u00e9nide, reconnu pour son influence politique, culturelle et sociale sur une vaste partie du territoire et de la population de l\u2019\u00e9poque. La langue persane, ou <em>farsi<\/em>, est leur langue maternelle et la langue officielle de l\u2019\u00c9tat iranien, jouant un r\u00f4le central dans la culture et l\u2019administration. La litt\u00e9rature, la philosophie, l\u2019art et l\u2019architecture perses refl\u00e8tent une histoire riche, alliant traditions anciennes et \u00e9l\u00e9ments modernes, faisant des Perses un pilier essentiel de l\u2019identit\u00e9 nationale iranienne. Jusqu\u2019en 1935, l\u2019Iran \u00e9tait d\u2019ailleurs appel\u00e9 \u00ab\u202fPerse\u202f\u00bb par les Occidentaux, en r\u00e9f\u00e9rence \u00e0 ce groupe ethnique pr\u00e9dominant.<\/p>\n<h3><\/h3>\n<span class=\"su-dropcap su-dropcap-style-flat\" style=\"font-size:1.5em\">2<\/span>\n<h3><strong>Les Az\u00e9ris<\/strong><\/h3>\n<p>Les Azeris repr\u00e9sentent le deuxi\u00e8me plus grand groupe ethnique d\u2019Iran, constituant environ 16 \u00e0 24 % de la population totale. Ils sont principalement concentr\u00e9s dans le nord-ouest du pays, notamment dans les provinces de l\u2019Azerba\u00efdjan oriental et occidental, <a href=\"https:\/\/www.iransafar.co\/fr\/ardabil\/\">Ardabil<\/a>, <a href=\"https:\/\/www.iransafar.co\/fr\/zanjan\/\">Zanjan<\/a> et certaines parties de <a href=\"https:\/\/www.iransafar.co\/fr\/tabriz-guide-touristique\/\">Tabriz<\/a>. Leur langue maternelle est l\u2019az\u00e9ri, une langue turcique, mais beaucoup parlent \u00e9galement le persan, langue officielle de l\u2019Iran. Historiquement, les Azeris ont jou\u00e9 un r\u00f4le important dans la politique, l\u2019\u00e9conomie et la <a href=\"https:\/\/www.iransafar.co\/fr\/culture\/\">culture iraniennes<\/a>, et leur identit\u00e9 culturelle se manifeste \u00e0 travers la musique, la danse, la litt\u00e9rature et la <a href=\"https:\/\/www.iransafar.co\/fr\/cuisine-iranienne\/\">cuisine<\/a>. Bien qu\u2019ils soient souvent associ\u00e9s \u00e0 l\u2019Azerba\u00efdjan voisin, les Azeris d\u2019Iran poss\u00e8dent une histoire et des traditions uniques qui s\u2019ins\u00e8rent pleinement dans le tissu multiculturel du pays.<\/p>\n<p>&nbsp;<\/p>\n<span class=\"su-dropcap su-dropcap-style-flat\" style=\"font-size:1.5em\">3<\/span>\n<h3><strong>Les Turkm\u00e8nes<\/strong><\/h3>\n<p>Les Turkm\u00e8nes constituent un groupe ethnique minoritaire en Iran, repr\u00e9sentant environ 1 \u00e0 2 % de la population. Ils vivent principalement dans la province du <strong>Golest\u00e2n<\/strong>, dans le nord-est du pays, le long de la fronti\u00e8re avec le Turkm\u00e9nistan, ainsi que dans certaines zones de la province de Khorassan. Les Turkm\u00e8nes parlent le turkm\u00e8ne, une langue turcique, et conservent des traditions nomades anciennes, notamment l\u2019\u00e9levage de chevaux et l\u2019artisanat du <a href=\"https:\/\/www.iransafar.co\/fr\/tapis-persans\/\">tapis<\/a>. Leur culture est riche en musique, <a href=\"https:\/\/www.iransafar.co\/fr\/poesie-et-poetes-persans\/\">po\u00e9sie<\/a> et danses folkloriques, et ils maintiennent des pratiques sociales et religieuses propres, souvent influenc\u00e9es par l\u2019islam sunnite. Bien que leur nombre soit relativement faible, les Turkm\u00e8nes contribuent \u00e0 la diversit\u00e9 culturelle de l\u2019Iran et \u00e0 la richesse de son patrimoine ethnique.<\/p>\n<p>&nbsp;<\/p>\n<h2><img decoding=\"async\" class=\"alignnone size-full wp-image-18598\" src=\"https:\/\/www.iransafar.co\/fr\/wp-content\/uploads\/2025\/09\/Les-Turkmenes.jpg\" alt=\"\" width=\"1085\" height=\"637\" srcset=\"https:\/\/www.iransafar.co\/fr\/wp-content\/uploads\/2025\/09\/Les-Turkmenes.jpg 1085w, https:\/\/www.iransafar.co\/fr\/wp-content\/uploads\/2025\/09\/Les-Turkmenes-768x450.jpg 768w\" sizes=\"(max-width: 1085px) 100vw, 1085px\" \/><\/h2>\n<p>&nbsp;<\/p>\n<p>Les Turkm\u00e8nes d\u2019Iran se distinguent par leurs v\u00eatements traditionnels color\u00e9s et leur <a href=\"https:\/\/www.iransafar.co\/fr\/artisanat-iranien\/\">artisanat<\/a> raffin\u00e9, notamment les tapis et broderies tr\u00e8s pris\u00e9s pour leur qualit\u00e9 et leurs motifs uniques. Dans certaines r\u00e9gions, ils continuent de vivre dans des villages semi-nomades ou dans des tentes traditionnelles appel\u00e9es yurts, t\u00e9moignant de leur mode de vie ancestral. Leur culture se manifeste \u00e9galement \u00e0 travers les f\u00eates et festivals traditionnels, comme <a href=\"https:\/\/www.iransafar.co\/fr\/norouz-fete-nouvel-an-iranien\/\">Norouz<\/a>, ainsi que par leur cuisine, souvent \u00e0 base de viande, de produits laitiers et de pain fait maison. Bien qu\u2019ils soient int\u00e9gr\u00e9s \u00e0 la soci\u00e9t\u00e9 iranienne, les Turkm\u00e8nes pr\u00e9servent une identit\u00e9 culturelle distincte, enrichissant ainsi la diversit\u00e9 et le patrimoine ethnique du pays.<\/p>\n<p>&nbsp;<\/p>\n<div class=\"su-note\"  style=\"border-color:#dbdbdb;border-radius:10px;-moz-border-radius:10px;-webkit-border-radius:10px;\"><div class=\"su-note-inner su-u-clearfix su-u-trim\" style=\"background-color:#F5F5F5;border-color:#ffffff;color:#333333;border-radius:10px;-moz-border-radius:10px;-webkit-border-radius:10px;\">\n<p><strong>Cheval Akhal-Teke<\/strong><\/p>\n<p>Le Turkm\u00e9nistan, ainsi que les tribus turkm\u00e8nes d\u2019Iran, sont r\u00e9put\u00e9s pour l\u2019\u00e9levage d\u2019une race de chevaux appel\u00e9e <strong>Akhal-Teke<\/strong>, \u00e9galement connue sous le nom de cheval turkm\u00e8ne. Cette race se distingue par sa gr\u00e2ce, sa noblesse et sa robustesse. Malgr\u00e9 son apparence \u00e9l\u00e9gante et raffin\u00e9e, l\u2019Akhal-Teke est l\u2019un des chevaux les plus r\u00e9sistants au monde, alliant vitesse, endurance et beaut\u00e9 exceptionnelle. Son nom provient de l\u2019oasis d\u2019Akhal, situ\u00e9e au centre du Turkm\u00e9nistan, r\u00e9gion historiquement habit\u00e9e par la tribu turkm\u00e8ne des <em>Teke<\/em>.<\/p>\n<\/div><\/div>\n<p>&nbsp;<\/p>\n<span class=\"su-dropcap su-dropcap-style-flat\" style=\"font-size:1.5em\">4<\/span>\n<h3><strong>Les Kurdes<\/strong><\/h3>\n<p>Les <strong>Kurdes<\/strong> ne se trouvent pas uniquement dans la partie occidentale du plateau iranien, mais \u00e9galement \u00e0 travers une vaste r\u00e9gion du Moyen-Orient et de l\u2019Asie occidentale. Ce peuple est install\u00e9 dans le sud-est de l\u2019<a href=\"https:\/\/fr.wikipedia.org\/wiki\/Anatolie\">Anatolie<\/a>, dans les montagnes du Zagros \u00e0 l\u2019ouest de l\u2019Iran, ainsi que dans certaines zones du nord de l\u2019Irak, du nord-est de la Syrie, de l\u2019ouest de l\u2019Arm\u00e9nie et dans d\u2019autres r\u00e9gions limitrophes. On trouve aussi une population kurde non contigu\u00eb dans la r\u00e9gion du Khorasan, au nord-est de l\u2019Iran.<\/p>\n<p>&nbsp;<\/p>\n<p><img decoding=\"async\" class=\"alignnone size-full wp-image-18601\" src=\"https:\/\/www.iransafar.co\/fr\/wp-content\/uploads\/2025\/09\/Les-Kurdes-min.jpg\" alt=\"\" width=\"1085\" height=\"637\" srcset=\"https:\/\/www.iransafar.co\/fr\/wp-content\/uploads\/2025\/09\/Les-Kurdes-min.jpg 1085w, https:\/\/www.iransafar.co\/fr\/wp-content\/uploads\/2025\/09\/Les-Kurdes-min-768x450.jpg 768w\" sizes=\"(max-width: 1085px) 100vw, 1085px\" \/><\/p>\n<p>&nbsp;<\/p>\n<p>En Iran, les Kurdes vivent principalement le long de la cha\u00eene du Zagros, depuis le sud de Bakou en Azerba\u00efdjan jusqu\u2019aux r\u00e9gions septentrionales du Lorestan et du Khuzestan. Ils se r\u00e9partissent en plusieurs tribus, parmi lesquelles les Mangour, Jalai, Milan et Ghara Papaghi. Certaines tribus kurdes nomades ou semi-nomades sont pr\u00e9sentes autour de Saqqez, Sanandaj et Kermanshah. Parmi les plus connues figurent la tribu <em>Sanjabi<\/em>, implant\u00e9e autour de <a href=\"https:\/\/www.iransafar.co\/fr\/kermanshah\/\">Kermanshah<\/a>, et la tribu <em>Kalhor<\/em>, situ\u00e9e au sud de cette m\u00eame ville.<\/p>\n<p>&nbsp;<\/p>\n<h4>La langue kurde<\/h4>\n<p>Le kurde appartient \u00e0 la branche iranienne occidentale des langues indo-europ\u00e9ennes. Proche du persan et du pachto, il est parl\u00e9 non seulement en Irak, en Turquie, en Iran et en Syrie, mais aussi dans des communaut\u00e9s en Arm\u00e9nie, au Liban, en G\u00e9orgie, en Azerba\u00efdjan, au Kazakhstan, au Kirghizstan et en Afghanistan. Selon les donn\u00e9es de 2010, environ 25 millions de personnes parlaient le kurde.<\/p>\n<p>&nbsp;<\/p>\n<h4>Les principales vari\u00e9t\u00e9s du kurde<\/h4>\n<p>On distingue trois vari\u00e9t\u00e9s principales de la langue kurde, qui ne sont pas mutuellement compr\u00e9hensibles :<\/p>\n<ul style=\"list-style-type: disc;\">\n<li><strong>Kurmanji :<\/strong> parl\u00e9 en Turquie, en Syrie, dans le nord de l\u2019Irak et le nord-ouest de l\u2019Iran \u2013 environ 15 \u00e0 20 millions de locuteurs.<\/li>\n<li><strong>Sorani :<\/strong> parl\u00e9 principalement au Kurdistan irakien et dans la province du Kurdistan en Iran \u2013 environ 6 \u00e0 7 millions de locuteurs.<\/li>\n<li><strong>Pehlewani (ou Gorani\/Laki) :<\/strong> parl\u00e9 par environ 3 millions de personnes dans les provinces iraniennes de Kermanshah et Ilam, ainsi que dans le district de Khanaqin, \u00e0 l\u2019est de l\u2019Irak.<\/li>\n<\/ul>\n<p>&nbsp;<\/p>\n<h4>Le mode de vie traditionnel kurde<\/h4>\n<p>Traditionnellement, les Kurdes menaient un mode de vie nomade, bas\u00e9 sur l\u2019\u00e9levage de moutons et de ch\u00e8vres, parcourant les plaines m\u00e9sopotamiennes et les hautes montagnes de Turquie et d\u2019Iran. La majorit\u00e9 pratiquait \u00e9galement une agriculture pluviale. L\u2019instauration des fronti\u00e8res nationales \u00e0 la suite de la Premi\u00e8re Guerre mondiale (1914-1918) a profond\u00e9ment transform\u00e9 ce mode de vie. Elle a limit\u00e9 les migrations saisonni\u00e8res des troupeaux et contraint une grande partie des Kurdes \u00e0 s\u2019\u00e9tablir dans des villages ou \u00e0 se tourner vers des activit\u00e9s non traditionnelles.<\/p>\n<p>&nbsp;<\/p>\n<span class=\"su-dropcap su-dropcap-style-flat\" style=\"font-size:1.5em\">5<\/span>\n<h3><strong>Les Lors<\/strong><\/h3>\n<p>Les <strong>Lors<\/strong> constituent une ethnie iranienne vivant principalement dans les montagnes du Zagros, \u00e0 l\u2019ouest et au sud-ouest de l\u2019Iran. Leur population est concentr\u00e9e surtout dans les provinces du <em>Lorestan<\/em>, du <em>Kohgiluyeh-Boyer Ahmad<\/em>, du <em>Chaharmahal-Bakhtiari<\/em> et de l\u2019Ilam.<\/p>\n<p>Ils parlent le lori, une langue appartenant \u00e0 la branche iranienne du sud-ouest des langues indo-europ\u00e9ennes, \u00e9troitement apparent\u00e9e au persan. Culturellement et historiquement proches des Perses, les Lors ont n\u00e9anmoins conserv\u00e9 des traditions qui leur sont propres. Leur mode de vie traditionnel reposait sur le nomadisme et l\u2019\u00e9levage, m\u00eame si une grande partie d\u2019entre eux est aujourd\u2019hui s\u00e9dentaris\u00e9e.<\/p>\n<p>Les Lors sont r\u00e9put\u00e9s pour leur riche patrimoine musical, souvent accompagn\u00e9 du <strong>sorn\u00e2<\/strong> (<em>hautbois<\/em>) et du <strong>dohol<\/strong> (<em>grand tambour<\/em>). Leurs v\u00eatements traditionnels, color\u00e9s et orn\u00e9s, se distinguent \u00e9galement par des couvre-chefs caract\u00e9ristiques. Parmi leurs principales tribus, on compte les <strong>Bakhtiari<\/strong>, les <strong>Mamasani<\/strong>, les <strong>Lak<\/strong>, les <strong>Sagvand<\/strong> et les habitants du Kuhgiluyeh-Boyer Ahmad. Les Bakhtiari, en particulier, ont jou\u00e9 un r\u00f4le politique important dans <a href=\"https:\/\/www.iransafar.co\/fr\/histoire-iran\/\">l\u2019histoire de l\u2019Iran<\/a>.<\/p>\n<p>&nbsp;<\/p>\n<p><img loading=\"lazy\" decoding=\"async\" class=\"alignnone size-full wp-image-18618\" src=\"https:\/\/www.iransafar.co\/fr\/wp-content\/uploads\/2025\/09\/les-lors.jpg\" alt=\"les lors d'Iran\" width=\"1085\" height=\"637\" srcset=\"https:\/\/www.iransafar.co\/fr\/wp-content\/uploads\/2025\/09\/les-lors.jpg 1085w, https:\/\/www.iransafar.co\/fr\/wp-content\/uploads\/2025\/09\/les-lors-768x450.jpg 768w\" sizes=\"(max-width: 1085px) 100vw, 1085px\" \/><\/p>\n<p>&nbsp;<\/p>\n<p>Sous la dynastie des Ilkhanides mongols, le territoire des Lors fut divis\u00e9 en deux grandes entit\u00e9s : le \u00ab <strong>Grand Luristan<\/strong> \u00bb et le \u00ab <strong>Petit Luristan<\/strong> \u00bb, correspondant aujourd\u2019hui approximativement au Kuhgiluyeh et au Lorestan. Malgr\u00e9 les bouleversements historiques, les Lors ont su pr\u00e9server une forte identit\u00e9 et continuent d\u2019allier traditions ancestrales et participation active \u00e0 la soci\u00e9t\u00e9 iranienne moderne.<\/p>\n<p>&nbsp;<\/p>\n<div class=\"su-note\"  style=\"border-color:#dbdbdb;border-radius:10px;-moz-border-radius:10px;-webkit-border-radius:10px;\"><div class=\"su-note-inner su-u-clearfix su-u-trim\" style=\"background-color:#F5F5F5;border-color:#ffffff;color:#333333;border-radius:10px;-moz-border-radius:10px;-webkit-border-radius:10px;\">\n<h4>Les bronzes du Lorestan<\/h4>\n<p>Les terres actuellement occup\u00e9es par les Lors sont habit\u00e9es depuis environ 40 000 ans. Les fouilles arch\u00e9ologiques men\u00e9es dans le Lorestan ont mis au jour des outils et des artefacts datant du Pal\u00e9olithique moyen et sup\u00e9rieur, du M\u00e9solithique ainsi que de l\u2019\u00e2ge du bronze.<\/p>\n<p>La m\u00e9tallurgie du bronze au Lorestan a \u00e9t\u00e9 fortement influenc\u00e9e par les civilisations m\u00e9sopotamiennes voisines. Situ\u00e9e \u00e0 la fronti\u00e8re occidentale de l\u2019Iran, cette r\u00e9gion est particuli\u00e8rement c\u00e9l\u00e8bre pour ses bronzes, dat\u00e9s entre 1500 et 500 av. J.-C., qui refl\u00e8tent un art raffin\u00e9 et une ma\u00eetrise technique remarquable.<\/p>\n<p>Aujourd\u2019hui, plusieurs de ces pi\u00e8ces exceptionnelles sont conserv\u00e9es et expos\u00e9es dans diff\u00e9rents mus\u00e9es, notamment au <a href=\"https:\/\/www.iransafar.co\/fr\/musee-national-diran\/\">Mus\u00e9e national d\u2019Iran<\/a> \u00e0 <a href=\"https:\/\/www.iransafar.co\/fr\/teheran-les-incontournables-a-faire-et-a-voir\/\">T\u00e9h\u00e9ran<\/a>, o\u00f9 elles constituent l\u2019un des tr\u00e9sors arch\u00e9ologiques les plus pr\u00e9cieux du pays.<\/p>\n<\/div><\/div>\n<p>&nbsp;<\/p>\n<span class=\"su-dropcap su-dropcap-style-flat\" style=\"font-size:1.5em\">6<\/span>\n<h3><strong>Les Baloutches<\/strong><\/h3>\n<p>Les <strong>Baloutches<\/strong>, \u00e9galement appel\u00e9s <em>Balouch<\/em> ou <em>Belouch<\/em>, constituent une ethnie iranienne appartenant au groupe indo-iranien. Leur population totale est estim\u00e9e \u00e0 environ cinq millions de personnes, dont une partie vit en Iran, principalement dans la province du Sistan-et-Baloutchistan, au sud-est du pays, ainsi que dans certaines zones du <a href=\"https:\/\/www.iransafar.co\/fr\/kerman\/\">Kerman<\/a> et du Khorasan ( autour de <a href=\"https:\/\/www.iransafar.co\/fr\/mashhad\/\">Mashhad<\/a>) , pr\u00e8s des fronti\u00e8res avec le Pakistan et l\u2019Afghanistan.<\/p>\n<p>Leur langue, le baloutchi, appartient \u00e0 la branche iranienne occidentale des langues indo-europ\u00e9ennes. Traditionnellement nomades, les Baloutches vivaient autrefois de l\u2019\u00e9levage et du commerce, mais une partie importante d\u2019entre eux est aujourd\u2019hui s\u00e9dentaris\u00e9e et se consacre \u00e0 l\u2019agriculture. Les conditions \u00e9conomiques difficiles et le climat aride du Sistan-et-Baloutchistan ont pouss\u00e9 de nombreux Baloutches \u00e0 \u00e9migrer vers d\u2019autres r\u00e9gions de l\u2019Iran, telles que le Gilan, le Mazandaran, l\u2019Azerba\u00efdjan et le Khorasan, o\u00f9 ils travaillent principalement dans l\u2019agriculture et comme ouvriers, parfois de mani\u00e8re saisonni\u00e8re.<\/p>\n<p>Les Baloutches sont majoritairement musulmans sunnites et poss\u00e8dent une riche culture fond\u00e9e sur des traditions orales, la po\u00e9sie \u00e9pique, la musique et les danses populaires. Leurs v\u00eatements traditionnels, d\u00e9cor\u00e9s de broderies color\u00e9es, expriment l\u2019identit\u00e9 de ce peuple. Parmi leurs principales tribus, on peut citer les Ahmadza\u00ef, les Mirabdi, les Rigi et les Sarawani. Malgr\u00e9 les difficult\u00e9s sociales et \u00e9conomiques, les Baloutches ont su pr\u00e9server une forte identit\u00e9 culturelle tout en participant activement \u00e0 la soci\u00e9t\u00e9 iranienne contemporaine.<\/p>\n<p>&nbsp;<\/p>\n<span class=\"su-dropcap su-dropcap-style-flat\" style=\"font-size:1.5em\">7<\/span>\n<h3><strong>Les Qashqai<\/strong><\/h3>\n<p>Les Qashqai comptent parmi les groupes ethniques turcophones les plus importants d\u2019Iran, vivant principalement dans la province du Fars. Plusieurs th\u00e9ories existent concernant leur origine. Des indices g\u00e9ographiques, historiques et linguistiques sugg\u00e8rent l\u2019existence d\u2019une r\u00e9gion nomm\u00e9e Qashqa, d\u2019une tribu portant le m\u00eame nom, d\u2019une rivi\u00e8re appel\u00e9e <strong>Qashqa<\/strong> (ou <em>Kashaka<\/em>), ainsi que d\u2019un dialecte turc sp\u00e9cifique encore parl\u00e9 en Ouzb\u00e9kistan. Il est donc probable que les Qashqai soient arriv\u00e9s en Iran \u00e0 diff\u00e9rentes \u00e9poques, o\u00f9 ils ont jou\u00e9 un r\u00f4le important dans l\u2019histoire politique du pays.<\/p>\n<p>&nbsp;<\/p>\n<p><img loading=\"lazy\" decoding=\"async\" class=\"alignnone size-full wp-image-18620\" src=\"https:\/\/www.iransafar.co\/fr\/wp-content\/uploads\/2025\/09\/Les-Qashqai-min.jpg\" alt=\"Groupes ethniques en Iran qashgai\" width=\"1085\" height=\"637\" srcset=\"https:\/\/www.iransafar.co\/fr\/wp-content\/uploads\/2025\/09\/Les-Qashqai-min.jpg 1085w, https:\/\/www.iransafar.co\/fr\/wp-content\/uploads\/2025\/09\/Les-Qashqai-min-768x450.jpg 768w\" sizes=\"(max-width: 1085px) 100vw, 1085px\" \/><\/p>\n<p>&nbsp;<\/p>\n<p>Traditionnellement, les Qashqai pratiquent la transhumance. Chaque ann\u00e9e, ils migrent avec leurs troupeaux de ch\u00e8vres et de moutons sur pr\u00e8s de 500 kilom\u00e8tres : du sud vers le nord, pour rejoindre leurs p\u00e2turages d\u2019\u00e9t\u00e9, les Yaylaq, situ\u00e9s dans les hautes montagnes, puis du nord vers le sud, vers leurs p\u00e2turages d\u2019hiver, les Qishlaq, dans les r\u00e9gions plus chaudes proches de Bandar Abbas, sur le <a href=\"https:\/\/www.iransafar.co\/fr\/golfe-persique\/\">golfe Persique<\/a>. Ce mode de vie nomade, bien que toujours pratiqu\u00e9 par certains, tend aujourd\u2019hui \u00e0 dispara\u00eetre.<\/p>\n<p>&nbsp;<\/p>\n<div class=\"su-note\"  style=\"border-color:#dbdbdb;border-radius:10px;-moz-border-radius:10px;-webkit-border-radius:10px;\"><div class=\"su-note-inner su-u-clearfix su-u-trim\" style=\"background-color:#F5F5F5;border-color:#ffffff;color:#333333;border-radius:10px;-moz-border-radius:10px;-webkit-border-radius:10px;\">\n<h4>Les tapis Qashqai<\/h4>\n<p>Depuis des si\u00e8cles, les Qashqai sont c\u00e9l\u00e8bres pour leurs tapis, souvent d\u00e9sign\u00e9s sous le nom de \u00ab tapis de <a href=\"https:\/\/www.iransafar.co\/fr\/guide-de-voyage-de-chiraz\/\">Chiraz<\/a> \u00bb, du fait que cette ville en est le principal march\u00e9. La laine de leurs moutons, \u00e9lev\u00e9e dans les montagnes et vall\u00e9es autour de Chiraz, est particuli\u00e8rement douce et r\u00e9sistante, ce qui explique la renomm\u00e9e mondiale de ces tapis. La fabrication, toujours assur\u00e9e par les femmes, perp\u00e9tue un savoir-faire ancestral. Les commer\u00e7ants viennent r\u00e9guli\u00e8rement dans les campements pour acqu\u00e9rir ces \u0153uvres, v\u00e9ritables symboles de l\u2019artisanat <a href=\"https:\/\/www.iransafar.co\/fr\/circuit\/circuit-ambiance-nomade-iran\/\">nomade iranien<\/a>.<\/p>\n<\/div><\/div>\n<p>&nbsp;<\/p>\n<span class=\"su-dropcap su-dropcap-style-flat\" style=\"font-size:1.5em\">8<\/span>\n<h3><strong>Les Arabes<\/strong><\/h3>\n<p>Les <strong>Arabes<\/strong> d\u2019Iran constituent une minorit\u00e9 ethnique vivant principalement dans la province du <strong>Khuzestan<\/strong>, au sud-ouest du pays, pr\u00e8s de la fronti\u00e8re avec l\u2019Irak et au bord du golfe Persique. On trouve \u00e9galement des communaut\u00e9s arabes plus r\u00e9duites dans les provinces de <em>Hormozgan<\/em>, de <em>Bushehr<\/em> et du <em>Khorasan<\/em>. Leur pr\u00e9sence remonte aux premi\u00e8res vagues de migrations arabes, survenues avant et apr\u00e8s l\u2019expansion de l\u2019islam au VII\u1d49 si\u00e8cle.<\/p>\n<p>La majorit\u00e9 des Arabes d\u2019Iran parlent un dialecte arabe local, tout en utilisant le persan comme langue officielle et v\u00e9hiculaire. Ils sont majoritairement musulmans chiites, bien qu\u2019il existe aussi des communaut\u00e9s sunnites, notamment parmi ceux \u00e9tablis le long du littoral du golfe Persique.<\/p>\n<p>Traditionnellement, les Arabes d\u2019Iran vivaient de l\u2019agriculture, de l\u2019\u00e9levage et de la p\u00eache, tirant parti des terres fertiles du Khuzestan et des ressources du golfe. Leur culture est marqu\u00e9e par la po\u00e9sie orale, la musique traditionnelle et des coutumes vestimentaires sp\u00e9cifiques, comme le port du <em>dishdasha<\/em> et du <em>keffieh<\/em>.<\/p>\n<p>Aujourd\u2019hui, les Arabes d\u2019Iran participent activement \u00e0 la vie sociale, culturelle et \u00e9conomique du pays, tout en pr\u00e9servant leurs traditions propres, qui constituent une part importante de la diversit\u00e9 ethnique et culturelle de l\u2019Iran.<\/p>\n<p>&nbsp;<\/p>\n<span class=\"su-dropcap su-dropcap-style-flat\" style=\"font-size:1.5em\">9<\/span>\n<h3><strong>Les Talyshi<\/strong><\/h3>\n<p>Les <strong>Talyshi<\/strong>, \u00e9galement appel\u00e9s Taleshi, forment un groupe tribal vivant principalement dans le nord-ouest de la province du Gilan, dans la province d\u2019Ardabil ainsi que dans le sud de l\u2019Azerba\u00efdjan. Aujourd\u2019hui, on les retrouve dispers\u00e9s dans plusieurs r\u00e9gions : au sud de l\u2019Azerba\u00efdjan, dans les villes d\u2019Ali Abad, Bileh Savar, Jalilabad, Lankaran, Astara, Talesh, ainsi que dans les zones septentrionales du Gilan.<\/p>\n<p>Les Talyshis pr\u00e9sentent \u00e0 la fois un mode de vie nomade et s\u00e9dentaire. Ceux qui r\u00e9sident dans les villages et les villes sont appel\u00e9s Talesh et se consacrent principalement \u00e0 l\u2019agriculture. En revanche, ceux qui vivent dans les montagnes sont appel\u00e9s Galesh et pratiquent surtout l\u2019\u00e9levage.<\/p>\n<p>Ils s\u2019identifient souvent aux anciens <em>Cadusiens<\/em>, un peuple de l\u2019Antiquit\u00e9 qui habitait au sud-ouest de <a href=\"https:\/\/www.iransafar.co\/fr\/la-mer-caspienne\/\">la mer Caspienne<\/a>, dans une r\u00e9gion bord\u00e9e au nord par le fleuve <em>Kura<\/em> et correspondant aujourd\u2019hui aux provinces d\u2019Ardabil et du Gilan. L\u2019\u00e9tymologie du nom Talesh pourrait d\u2019ailleurs \u00eatre li\u00e9e \u00e0 celui des Cadusiens, dont l\u2019influence se refl\u00e9terait dans les toponymes de la mer Caspienne et du Caucase.<\/p>\n<p>Cette description met en lumi\u00e8re la richesse de la mosa\u00efque culturelle et ethnique de l\u2019Iran, \u00e0 laquelle les Talyshis, comme d\u2019autres peuples, apportent une contribution singuli\u00e8re et pr\u00e9cieuse.<\/p>\n<p>&nbsp;<\/p>\n<p>&nbsp;<\/p>\n<h2>Situation actuelle : aspects socio-politiques, droits et d\u00e9fis<\/h2>\n<div>Les groupes minoritaires revendiquent souvent le droit d\u2019utiliser leur langue maternelle dans l\u2019enseignement, dans les m\u00e9dias, dans la vie publique. L\u2019\u00c9tat iranien a historiquement favoris\u00e9 le persan comme langue unificatrice, ce qui a parfois entra\u00een\u00e9 des tensions.<\/div>\n<div>Des discussions sur la mani\u00e8re de concilier unit\u00e9 nationale et diversit\u00e9 culturelle demeurent vives, notamment autour de la repr\u00e9sentation dans les institutions, de l\u2019acc\u00e8s \u00e0 des postes de pouvoir, de la pr\u00e9servation des traditions locales.<\/div>\n<div>L\u2019int\u00e9gration politique des minorit\u00e9s varie : certains leaders issus de ces groupes parviennent \u00e0 des postes importants, mais des groupes se plaignent de marginalisation. Les mouvements de revendication identitaire ou linguistique existent.<\/div>\n","protected":false},"excerpt":{"rendered":"<p>L&rsquo;Iran, pays situ\u00e9 au carrefour de l\u2019Asie de l\u2019Ouest et de l\u2019Asie centrale, est l\u2019un des \u00c9tats les plus ethniquement diversifi\u00e9s de la r\u00e9gion. Plus qu\u2019une mosa\u00efque de peuples, cette diversit\u00e9 constitue une composante essentielle de son histoire, de sa culture, et de ses dynamiques politiques actuelles. Comprendre cette r\u00e9alit\u00e9, c\u2019est aussi saisir les d\u00e9fis [&hellip;]<\/p>\n","protected":false},"author":1,"featured_media":18622,"comment_status":"open","ping_status":"open","sticky":false,"template":"","format":"standard","meta":{"footnotes":""},"categories":[114],"tags":[],"class_list":["post-11591","post","type-post","status-publish","format-standard","has-post-thumbnail","hentry","category-a-propos-d-iran"],"yoast_head":"<!-- This site is optimized with the Yoast SEO Premium plugin v20.8 (Yoast SEO v27.5) - https:\/\/yoast.com\/product\/yoast-seo-premium-wordpress\/ -->\n<title>Groupes ethniques en Iran<\/title>\n<meta name=\"description\" content=\"La diversit\u00e9 ethnique de l\u2019Iran, ses minorit\u00e9s, d\u00e9fis d\u2019identit\u00e9 et langues,les perspectives de d\u00e9centralisation, politiques linguistiques\" \/>\n<meta name=\"robots\" content=\"index, follow, max-snippet:-1, max-image-preview:large, max-video-preview:-1\" \/>\n<link rel=\"canonical\" href=\"https:\/\/www.iransafar.co\/fr\/groupes-ethniques-en-iran\/\" \/>\n<meta property=\"og:locale\" content=\"fr_FR\" \/>\n<meta property=\"og:type\" content=\"article\" \/>\n<meta property=\"og:title\" content=\"Groupes ethniques en Iran\" \/>\n<meta property=\"og:description\" content=\"La diversit\u00e9 ethnique de l\u2019Iran, ses minorit\u00e9s, d\u00e9fis d\u2019identit\u00e9 et langues,les perspectives de d\u00e9centralisation, politiques linguistiques\" \/>\n<meta property=\"og:url\" content=\"https:\/\/www.iransafar.co\/fr\/groupes-ethniques-en-iran\/\" \/>\n<meta property=\"og:site_name\" content=\"Iran Safar \u2013 Agence de Voyage en Iran \u2013 Circuits Culturels &amp; Sur Mesure\" \/>\n<meta property=\"article:published_time\" content=\"2025-09-12T06:39:08+00:00\" \/>\n<meta property=\"article:modified_time\" content=\"2025-09-15T07:09:05+00:00\" \/>\n<meta property=\"og:image\" content=\"https:\/\/www.iransafar.co\/fr\/wp-content\/uploads\/2025\/09\/Ethnicities-min.jpg\" \/>\n\t<meta property=\"og:image:width\" content=\"600\" \/>\n\t<meta property=\"og:image:height\" content=\"400\" \/>\n\t<meta property=\"og:image:type\" content=\"image\/jpeg\" \/>\n<meta name=\"author\" content=\"Iransafar Tours\" \/>\n<meta name=\"twitter:card\" content=\"summary_large_image\" \/>\n<meta name=\"twitter:label1\" content=\"\u00c9crit par\" \/>\n\t<meta name=\"twitter:data1\" content=\"Iransafar Tours\" \/>\n\t<meta name=\"twitter:label2\" content=\"Dur\u00e9e de lecture estim\u00e9e\" \/>\n\t<meta name=\"twitter:data2\" content=\"17 minutes\" \/>\n<script type=\"application\/ld+json\" class=\"yoast-schema-graph\">{\"@context\":\"https:\\\/\\\/schema.org\",\"@graph\":[{\"@type\":\"Article\",\"@id\":\"https:\\\/\\\/www.iransafar.co\\\/fr\\\/groupes-ethniques-en-iran\\\/#article\",\"isPartOf\":{\"@id\":\"https:\\\/\\\/www.iransafar.co\\\/fr\\\/groupes-ethniques-en-iran\\\/\"},\"author\":{\"name\":\"Iransafar Tours\",\"@id\":\"https:\\\/\\\/www.iransafar.co\\\/fr\\\/#\\\/schema\\\/person\\\/a5ccead80cfba2e934eb0979b2083328\"},\"headline\":\"Groupes ethniques en Iran\",\"datePublished\":\"2025-09-12T06:39:08+00:00\",\"dateModified\":\"2025-09-15T07:09:05+00:00\",\"mainEntityOfPage\":{\"@id\":\"https:\\\/\\\/www.iransafar.co\\\/fr\\\/groupes-ethniques-en-iran\\\/\"},\"wordCount\":3394,\"commentCount\":0,\"image\":{\"@id\":\"https:\\\/\\\/www.iransafar.co\\\/fr\\\/groupes-ethniques-en-iran\\\/#primaryimage\"},\"thumbnailUrl\":\"https:\\\/\\\/www.iransafar.co\\\/fr\\\/wp-content\\\/uploads\\\/2025\\\/09\\\/Ethnicities-min.jpg\",\"articleSection\":[\"A propos de l'Iran\"],\"inLanguage\":\"fr-FR\",\"potentialAction\":[{\"@type\":\"CommentAction\",\"name\":\"Comment\",\"target\":[\"https:\\\/\\\/www.iransafar.co\\\/fr\\\/groupes-ethniques-en-iran\\\/#respond\"]}]},{\"@type\":\"WebPage\",\"@id\":\"https:\\\/\\\/www.iransafar.co\\\/fr\\\/groupes-ethniques-en-iran\\\/\",\"url\":\"https:\\\/\\\/www.iransafar.co\\\/fr\\\/groupes-ethniques-en-iran\\\/\",\"name\":\"Groupes ethniques en Iran\",\"isPartOf\":{\"@id\":\"https:\\\/\\\/www.iransafar.co\\\/fr\\\/#website\"},\"primaryImageOfPage\":{\"@id\":\"https:\\\/\\\/www.iransafar.co\\\/fr\\\/groupes-ethniques-en-iran\\\/#primaryimage\"},\"image\":{\"@id\":\"https:\\\/\\\/www.iransafar.co\\\/fr\\\/groupes-ethniques-en-iran\\\/#primaryimage\"},\"thumbnailUrl\":\"https:\\\/\\\/www.iransafar.co\\\/fr\\\/wp-content\\\/uploads\\\/2025\\\/09\\\/Ethnicities-min.jpg\",\"datePublished\":\"2025-09-12T06:39:08+00:00\",\"dateModified\":\"2025-09-15T07:09:05+00:00\",\"author\":{\"@id\":\"https:\\\/\\\/www.iransafar.co\\\/fr\\\/#\\\/schema\\\/person\\\/a5ccead80cfba2e934eb0979b2083328\"},\"description\":\"La diversit\u00e9 ethnique de l\u2019Iran, ses minorit\u00e9s, d\u00e9fis d\u2019identit\u00e9 et langues,les perspectives de d\u00e9centralisation, politiques linguistiques\",\"breadcrumb\":{\"@id\":\"https:\\\/\\\/www.iransafar.co\\\/fr\\\/groupes-ethniques-en-iran\\\/#breadcrumb\"},\"inLanguage\":\"fr-FR\",\"potentialAction\":[{\"@type\":\"ReadAction\",\"target\":[\"https:\\\/\\\/www.iransafar.co\\\/fr\\\/groupes-ethniques-en-iran\\\/\"]}]},{\"@type\":\"ImageObject\",\"inLanguage\":\"fr-FR\",\"@id\":\"https:\\\/\\\/www.iransafar.co\\\/fr\\\/groupes-ethniques-en-iran\\\/#primaryimage\",\"url\":\"https:\\\/\\\/www.iransafar.co\\\/fr\\\/wp-content\\\/uploads\\\/2025\\\/09\\\/Ethnicities-min.jpg\",\"contentUrl\":\"https:\\\/\\\/www.iransafar.co\\\/fr\\\/wp-content\\\/uploads\\\/2025\\\/09\\\/Ethnicities-min.jpg\",\"width\":600,\"height\":400,\"caption\":\"Groupes ethniques en Iran\"},{\"@type\":\"BreadcrumbList\",\"@id\":\"https:\\\/\\\/www.iransafar.co\\\/fr\\\/groupes-ethniques-en-iran\\\/#breadcrumb\",\"itemListElement\":[{\"@type\":\"ListItem\",\"position\":1,\"name\":\"Home\",\"item\":\"https:\\\/\\\/www.iransafar.co\\\/fr\\\/\"},{\"@type\":\"ListItem\",\"position\":2,\"name\":\"Groupes ethniques en Iran\"}]},{\"@type\":\"WebSite\",\"@id\":\"https:\\\/\\\/www.iransafar.co\\\/fr\\\/#website\",\"url\":\"https:\\\/\\\/www.iransafar.co\\\/fr\\\/\",\"name\":\"Iran Safar \u2013 Agence de Voyage en Iran \u2013 Circuits Culturels &amp; Sur Mesure\",\"description\":\"Meilleure agence de voyage en Iran \u2013 Circuits sur mesure, culture, aventure et visa\",\"potentialAction\":[{\"@type\":\"SearchAction\",\"target\":{\"@type\":\"EntryPoint\",\"urlTemplate\":\"https:\\\/\\\/www.iransafar.co\\\/fr\\\/?s={search_term_string}\"},\"query-input\":{\"@type\":\"PropertyValueSpecification\",\"valueRequired\":true,\"valueName\":\"search_term_string\"}}],\"inLanguage\":\"fr-FR\"},{\"@type\":\"Person\",\"@id\":\"https:\\\/\\\/www.iransafar.co\\\/fr\\\/#\\\/schema\\\/person\\\/a5ccead80cfba2e934eb0979b2083328\",\"name\":\"Iransafar Tours\",\"image\":{\"@type\":\"ImageObject\",\"inLanguage\":\"fr-FR\",\"@id\":\"https:\\\/\\\/secure.gravatar.com\\\/avatar\\\/ed52f2e9829757b52b8ac0559be5363a368c4fc6077481d88a57efd17467d8b6?s=96&d=mm&r=g\",\"url\":\"https:\\\/\\\/secure.gravatar.com\\\/avatar\\\/ed52f2e9829757b52b8ac0559be5363a368c4fc6077481d88a57efd17467d8b6?s=96&d=mm&r=g\",\"contentUrl\":\"https:\\\/\\\/secure.gravatar.com\\\/avatar\\\/ed52f2e9829757b52b8ac0559be5363a368c4fc6077481d88a57efd17467d8b6?s=96&d=mm&r=g\",\"caption\":\"Iransafar Tours\"},\"sameAs\":[\"https:\\\/\\\/www.iransafar.co\\\/fr\"],\"url\":\"https:\\\/\\\/www.iransafar.co\\\/fr\\\/author\\\/admin\\\/\"}]}<\/script>\n<!-- \/ Yoast SEO Premium plugin. -->","yoast_head_json":{"title":"Groupes ethniques en Iran","description":"La diversit\u00e9 ethnique de l\u2019Iran, ses minorit\u00e9s, d\u00e9fis d\u2019identit\u00e9 et langues,les perspectives de d\u00e9centralisation, politiques linguistiques","robots":{"index":"index","follow":"follow","max-snippet":"max-snippet:-1","max-image-preview":"max-image-preview:large","max-video-preview":"max-video-preview:-1"},"canonical":"https:\/\/www.iransafar.co\/fr\/groupes-ethniques-en-iran\/","og_locale":"fr_FR","og_type":"article","og_title":"Groupes ethniques en Iran","og_description":"La diversit\u00e9 ethnique de l\u2019Iran, ses minorit\u00e9s, d\u00e9fis d\u2019identit\u00e9 et langues,les perspectives de d\u00e9centralisation, politiques linguistiques","og_url":"https:\/\/www.iransafar.co\/fr\/groupes-ethniques-en-iran\/","og_site_name":"Iran Safar \u2013 Agence de Voyage en Iran \u2013 Circuits Culturels &amp; Sur Mesure","article_published_time":"2025-09-12T06:39:08+00:00","article_modified_time":"2025-09-15T07:09:05+00:00","og_image":[{"width":600,"height":400,"url":"https:\/\/www.iransafar.co\/fr\/wp-content\/uploads\/2025\/09\/Ethnicities-min.jpg","type":"image\/jpeg"}],"author":"Iransafar Tours","twitter_card":"summary_large_image","twitter_misc":{"\u00c9crit par":"Iransafar Tours","Dur\u00e9e de lecture estim\u00e9e":"17 minutes"},"schema":{"@context":"https:\/\/schema.org","@graph":[{"@type":"Article","@id":"https:\/\/www.iransafar.co\/fr\/groupes-ethniques-en-iran\/#article","isPartOf":{"@id":"https:\/\/www.iransafar.co\/fr\/groupes-ethniques-en-iran\/"},"author":{"name":"Iransafar Tours","@id":"https:\/\/www.iransafar.co\/fr\/#\/schema\/person\/a5ccead80cfba2e934eb0979b2083328"},"headline":"Groupes ethniques en Iran","datePublished":"2025-09-12T06:39:08+00:00","dateModified":"2025-09-15T07:09:05+00:00","mainEntityOfPage":{"@id":"https:\/\/www.iransafar.co\/fr\/groupes-ethniques-en-iran\/"},"wordCount":3394,"commentCount":0,"image":{"@id":"https:\/\/www.iransafar.co\/fr\/groupes-ethniques-en-iran\/#primaryimage"},"thumbnailUrl":"https:\/\/www.iransafar.co\/fr\/wp-content\/uploads\/2025\/09\/Ethnicities-min.jpg","articleSection":["A propos de l'Iran"],"inLanguage":"fr-FR","potentialAction":[{"@type":"CommentAction","name":"Comment","target":["https:\/\/www.iransafar.co\/fr\/groupes-ethniques-en-iran\/#respond"]}]},{"@type":"WebPage","@id":"https:\/\/www.iransafar.co\/fr\/groupes-ethniques-en-iran\/","url":"https:\/\/www.iransafar.co\/fr\/groupes-ethniques-en-iran\/","name":"Groupes ethniques en Iran","isPartOf":{"@id":"https:\/\/www.iransafar.co\/fr\/#website"},"primaryImageOfPage":{"@id":"https:\/\/www.iransafar.co\/fr\/groupes-ethniques-en-iran\/#primaryimage"},"image":{"@id":"https:\/\/www.iransafar.co\/fr\/groupes-ethniques-en-iran\/#primaryimage"},"thumbnailUrl":"https:\/\/www.iransafar.co\/fr\/wp-content\/uploads\/2025\/09\/Ethnicities-min.jpg","datePublished":"2025-09-12T06:39:08+00:00","dateModified":"2025-09-15T07:09:05+00:00","author":{"@id":"https:\/\/www.iransafar.co\/fr\/#\/schema\/person\/a5ccead80cfba2e934eb0979b2083328"},"description":"La diversit\u00e9 ethnique de l\u2019Iran, ses minorit\u00e9s, d\u00e9fis d\u2019identit\u00e9 et langues,les perspectives de d\u00e9centralisation, politiques linguistiques","breadcrumb":{"@id":"https:\/\/www.iransafar.co\/fr\/groupes-ethniques-en-iran\/#breadcrumb"},"inLanguage":"fr-FR","potentialAction":[{"@type":"ReadAction","target":["https:\/\/www.iransafar.co\/fr\/groupes-ethniques-en-iran\/"]}]},{"@type":"ImageObject","inLanguage":"fr-FR","@id":"https:\/\/www.iransafar.co\/fr\/groupes-ethniques-en-iran\/#primaryimage","url":"https:\/\/www.iransafar.co\/fr\/wp-content\/uploads\/2025\/09\/Ethnicities-min.jpg","contentUrl":"https:\/\/www.iransafar.co\/fr\/wp-content\/uploads\/2025\/09\/Ethnicities-min.jpg","width":600,"height":400,"caption":"Groupes ethniques en Iran"},{"@type":"BreadcrumbList","@id":"https:\/\/www.iransafar.co\/fr\/groupes-ethniques-en-iran\/#breadcrumb","itemListElement":[{"@type":"ListItem","position":1,"name":"Home","item":"https:\/\/www.iransafar.co\/fr\/"},{"@type":"ListItem","position":2,"name":"Groupes ethniques en Iran"}]},{"@type":"WebSite","@id":"https:\/\/www.iransafar.co\/fr\/#website","url":"https:\/\/www.iransafar.co\/fr\/","name":"Iran Safar \u2013 Agence de Voyage en Iran \u2013 Circuits Culturels &amp; Sur Mesure","description":"Meilleure agence de voyage en Iran \u2013 Circuits sur mesure, culture, aventure et visa","potentialAction":[{"@type":"SearchAction","target":{"@type":"EntryPoint","urlTemplate":"https:\/\/www.iransafar.co\/fr\/?s={search_term_string}"},"query-input":{"@type":"PropertyValueSpecification","valueRequired":true,"valueName":"search_term_string"}}],"inLanguage":"fr-FR"},{"@type":"Person","@id":"https:\/\/www.iransafar.co\/fr\/#\/schema\/person\/a5ccead80cfba2e934eb0979b2083328","name":"Iransafar Tours","image":{"@type":"ImageObject","inLanguage":"fr-FR","@id":"https:\/\/secure.gravatar.com\/avatar\/ed52f2e9829757b52b8ac0559be5363a368c4fc6077481d88a57efd17467d8b6?s=96&d=mm&r=g","url":"https:\/\/secure.gravatar.com\/avatar\/ed52f2e9829757b52b8ac0559be5363a368c4fc6077481d88a57efd17467d8b6?s=96&d=mm&r=g","contentUrl":"https:\/\/secure.gravatar.com\/avatar\/ed52f2e9829757b52b8ac0559be5363a368c4fc6077481d88a57efd17467d8b6?s=96&d=mm&r=g","caption":"Iransafar Tours"},"sameAs":["https:\/\/www.iransafar.co\/fr"],"url":"https:\/\/www.iransafar.co\/fr\/author\/admin\/"}]}},"rttpg_featured_image_url":{"full":["https:\/\/www.iransafar.co\/fr\/wp-content\/uploads\/2025\/09\/Ethnicities-min.jpg",600,400,false],"landscape":["https:\/\/www.iransafar.co\/fr\/wp-content\/uploads\/2025\/09\/Ethnicities-min.jpg",600,400,false],"portraits":["https:\/\/www.iransafar.co\/fr\/wp-content\/uploads\/2025\/09\/Ethnicities-min.jpg",600,400,false],"thumbnail":["https:\/\/www.iransafar.co\/fr\/wp-content\/uploads\/2025\/09\/Ethnicities-min-400x300.jpg",400,300,true],"medium":["https:\/\/www.iransafar.co\/fr\/wp-content\/uploads\/2025\/09\/Ethnicities-min-800x600.jpg",800,600,true],"large":["https:\/\/www.iransafar.co\/fr\/wp-content\/uploads\/2025\/09\/Ethnicities-min-1200x900.jpg",1200,900,true],"1536x1536":["https:\/\/www.iransafar.co\/fr\/wp-content\/uploads\/2025\/09\/Ethnicities-min-1536x1536.jpg",1536,1536,true],"2048x2048":["https:\/\/www.iransafar.co\/fr\/wp-content\/uploads\/2025\/09\/Ethnicities-min-2048x2048.jpg",2048,2048,true],"smart-post-landscape":["https:\/\/www.iransafar.co\/fr\/wp-content\/uploads\/2025\/09\/Ethnicities-min-870x570.jpg",870,570,true],"smart-post-portrait":["https:\/\/www.iransafar.co\/fr\/wp-content\/uploads\/2025\/09\/Ethnicities-min-600x900.jpg",600,900,true],"the_grid_size1":["https:\/\/www.iransafar.co\/fr\/wp-content\/uploads\/2025\/09\/Ethnicities-min-500x500.jpg",500,500,true],"the_grid_size2":["https:\/\/www.iransafar.co\/fr\/wp-content\/uploads\/2025\/09\/Ethnicities-min-500x1000.jpg",500,1000,true],"the_grid_size3":["https:\/\/www.iransafar.co\/fr\/wp-content\/uploads\/2025\/09\/Ethnicities-min-1000x500.jpg",1000,500,true],"the_grid_size4":["https:\/\/www.iransafar.co\/fr\/wp-content\/uploads\/2025\/09\/Ethnicities-min-1000x1000.jpg",1000,1000,true],"the_grid_size5":["https:\/\/www.iransafar.co\/fr\/wp-content\/uploads\/2025\/09\/Ethnicities-min-500x99999.jpg",500,99999,true],"yarpp-thumbnail":["https:\/\/www.iransafar.co\/fr\/wp-content\/uploads\/2025\/09\/Ethnicities-min-120x120.jpg",120,120,true]},"rttpg_author":{"display_name":"Iransafar Tours","author_link":"https:\/\/www.iransafar.co\/fr\/author\/admin\/"},"rttpg_comment":0,"rttpg_category":"<a href=\"https:\/\/www.iransafar.co\/fr\/category\/a-propos-d-iran\/\" rel=\"category tag\">A propos de l'Iran<\/a>","rttpg_excerpt":"L&rsquo;Iran, pays situ\u00e9 au carrefour de l\u2019Asie de l\u2019Ouest et de l\u2019Asie centrale, est l\u2019un des \u00c9tats les plus ethniquement diversifi\u00e9s de la r\u00e9gion. Plus qu\u2019une mosa\u00efque de peuples, cette diversit\u00e9 constitue une composante essentielle de son histoire, de sa culture, et de ses dynamiques politiques actuelles. Comprendre cette r\u00e9alit\u00e9, c\u2019est aussi saisir les d\u00e9fis\u2026","_links":{"self":[{"href":"https:\/\/www.iransafar.co\/fr\/wp-json\/wp\/v2\/posts\/11591","targetHints":{"allow":["GET"]}}],"collection":[{"href":"https:\/\/www.iransafar.co\/fr\/wp-json\/wp\/v2\/posts"}],"about":[{"href":"https:\/\/www.iransafar.co\/fr\/wp-json\/wp\/v2\/types\/post"}],"author":[{"embeddable":true,"href":"https:\/\/www.iransafar.co\/fr\/wp-json\/wp\/v2\/users\/1"}],"replies":[{"embeddable":true,"href":"https:\/\/www.iransafar.co\/fr\/wp-json\/wp\/v2\/comments?post=11591"}],"version-history":[{"count":51,"href":"https:\/\/www.iransafar.co\/fr\/wp-json\/wp\/v2\/posts\/11591\/revisions"}],"predecessor-version":[{"id":18621,"href":"https:\/\/www.iransafar.co\/fr\/wp-json\/wp\/v2\/posts\/11591\/revisions\/18621"}],"wp:featuredmedia":[{"embeddable":true,"href":"https:\/\/www.iransafar.co\/fr\/wp-json\/wp\/v2\/media\/18622"}],"wp:attachment":[{"href":"https:\/\/www.iransafar.co\/fr\/wp-json\/wp\/v2\/media?parent=11591"}],"wp:term":[{"taxonomy":"category","embeddable":true,"href":"https:\/\/www.iransafar.co\/fr\/wp-json\/wp\/v2\/categories?post=11591"},{"taxonomy":"post_tag","embeddable":true,"href":"https:\/\/www.iransafar.co\/fr\/wp-json\/wp\/v2\/tags?post=11591"}],"curies":[{"name":"wp","href":"https:\/\/api.w.org\/{rel}","templated":true}]}}